{"id":640,"date":"2024-04-25T16:28:28","date_gmt":"2024-04-25T14:28:28","guid":{"rendered":"https:\/\/liiskolle.com\/etching-ash-sound-theater\/"},"modified":"2024-04-26T11:59:31","modified_gmt":"2024-04-26T09:59:31","slug":"etching-ash-sound-theater","status":"publish","type":"post","link":"https:\/\/liiskolle.com\/en\/etching-ash-sound-theater\/","title":{"rendered":"etching.ash &#8211; Sound theater"},"content":{"rendered":"<p>Premiere: 23. April 2022 Theatrum\/Estonian Music Days, Tallinn<\/p><div id=\"ez-toc-container\" class=\"ez-toc-v2_0_82_2 counter-hierarchy ez-toc-counter ez-toc-transparent ez-toc-container-direction\">\n<div class=\"ez-toc-title-container\">\n<span class=\"ez-toc-title-toggle\"><\/span><\/div>\n<nav><ul class='ez-toc-list ez-toc-list-level-1 ' ><li class='ez-toc-page-1 ez-toc-heading-level-2'><a class=\"ez-toc-link ez-toc-heading-1\" href=\"https:\/\/liiskolle.com\/en\/etching-ash-sound-theater\/#description\" >Description<\/a><\/li><li class='ez-toc-page-1 ez-toc-heading-level-2'><a class=\"ez-toc-link ez-toc-heading-2\" href=\"https:\/\/liiskolle.com\/en\/etching-ash-sound-theater\/#authors\" >Authors<\/a><\/li><li class='ez-toc-page-1 ez-toc-heading-level-2'><a class=\"ez-toc-link ez-toc-heading-3\" href=\"https:\/\/liiskolle.com\/en\/etching-ash-sound-theater\/#when-and-where\" >When and where<\/a><\/li><li class='ez-toc-page-1 ez-toc-heading-level-2'><a class=\"ez-toc-link ez-toc-heading-4\" href=\"https:\/\/liiskolle.com\/en\/etching-ash-sound-theater\/#gallery\" >Gallery<\/a><\/li><li class='ez-toc-page-1 ez-toc-heading-level-2'><a class=\"ez-toc-link ez-toc-heading-5\" href=\"https:\/\/liiskolle.com\/en\/etching-ash-sound-theater\/#video\" >Video<\/a><\/li><li class='ez-toc-page-1 ez-toc-heading-level-2'><a class=\"ez-toc-link ez-toc-heading-6\" href=\"https:\/\/liiskolle.com\/en\/etching-ash-sound-theater\/#cast\" >Cast<\/a><\/li><\/ul><\/nav><\/div>\n\n<h2><span class=\"ez-toc-section\" id=\"description\"><\/span>Description<span class=\"ez-toc-section-end\"><\/span><\/h2>\n<p>How to live in a body hit by a cosmic catastrophe?\u00a0The work delves into a mental and emotional state determined by the memories stored and locked in the body and\u00a0psyche.<\/p>\n<p>We see a person whose inner world has broken into pieces,\u00a0and everything around her seems fragmentary and separated from her by an invisible wall. The character, who is\u00a0embodied by two performers \u2013 a singer and a dancer \u2013 no\u00a0longer perceives herself or the outside world clearly. But\u00a0there is life still occuring around her and she has to move\u00a0on with her somehow. How does she do it, what choices\u00a0does she make, what support does she use? How does she\u00a0try to express herself in a situation in which the words\u00a0have not yet been created \u2013 where the words \u201ehave shown\u00a0themselves to be useless and meaningless\u201c, as Maarja\u00a0Kangro notes in her novel \u201eThe Glass Child\u201c in 2016? In\u00a0the course of the previous etched cremation process, the\u00a0character has become transparent, as if an X-ray image of\u00a0both the physical and mental interior had been projected\u00a0continuously and everywhere. Society projects its fears and\u00a0hopes into this human laboratory. But the character goes\u00a0on. Despite everything.<\/p>\n<p>The work is developed in the process of parallel creation\u00a0using the synthesis of vocalization, analog and digital\u00a0sound, word, body, movement, object, instrument, light,\u00a0projection and space to say the unspeakable and to express\u00a0the inexpressible in words.<\/p>\n<h2><span class=\"ez-toc-section\" id=\"authors\"><\/span>Authors<span class=\"ez-toc-section-end\"><\/span><\/h2>\n<p>Music: Tatjana Kozlova-Johannes, Scenario: Liis Kolle<\/p>\n<h2><span class=\"ez-toc-section\" id=\"when-and-where\"><\/span>When and where<span class=\"ez-toc-section-end\"><\/span><\/h2>\n<p>2022 Theatrum\/Estonian Music Days, Tallinn<\/p>\n<h2><span class=\"ez-toc-section\" id=\"gallery\"><\/span>Gallery<span class=\"ez-toc-section-end\"><\/span><\/h2>\n<div  id=\"jtg-622\" class=\"modula modula-gallery modula-creative-gallery\" data-config=\"{&quot;height&quot;:800,&quot;tabletHeight&quot;:800,&quot;mobileHeight&quot;:800,&quot;desktopHeight&quot;:800,&quot;enableTwitter&quot;:false,&quot;enableWhatsapp&quot;:false,&quot;enableFacebook&quot;:false,&quot;enablePinterest&quot;:false,&quot;enableLinkedin&quot;:false,&quot;enableEmail&quot;:false,&quot;randomFactor&quot;:0.5,&quot;type&quot;:&quot;creative-gallery&quot;,&quot;columns&quot;:12,&quot;gutter&quot;:10,&quot;mobileGutter&quot;:10,&quot;tabletGutter&quot;:10,&quot;desktopGutter&quot;:10,&quot;enableResponsive&quot;:&quot;0&quot;,&quot;tabletColumns&quot;:2,&quot;mobileColumns&quot;:1,&quot;lazyLoad&quot;:0,&quot;lightboxOpts&quot;:{&quot;animated&quot;:true,&quot;Thumbs&quot;:{&quot;type&quot;:&quot;modern&quot;,&quot;showOnStart&quot;:false},&quot;Toolbar&quot;:{&quot;display&quot;:{&quot;right&quot;:[&quot;close&quot;]},&quot;enabled&quot;:true},&quot;Carousel&quot;:{&quot;Panzoom&quot;:{&quot;touch&quot;:true},&quot;infinite&quot;:false},&quot;keyboard&quot;:{&quot;Escape&quot;:&quot;close&quot;,&quot;Delete&quot;:&quot;close&quot;,&quot;Backspace&quot;:&quot;close&quot;,&quot;PageUp&quot;:false,&quot;PageDown&quot;:false,&quot;ArrowUp&quot;:false,&quot;ArrowDown&quot;:false,&quot;ArrowRight&quot;:false,&quot;ArrowLeft&quot;:false},&quot;touch&quot;:false,&quot;backdropClick&quot;:false,&quot;l10n&quot;:{&quot;CLOSE&quot;:&quot;Close&quot;,&quot;NEXT&quot;:&quot;Next&quot;,&quot;PREV&quot;:&quot;Previous&quot;,&quot;Error&quot;:&quot;The requested content cannot be loaded. Please try again later.&quot;,&quot;PLAY_START&quot;:&quot;Start slideshow&quot;,&quot;PLAY_STOP&quot;:&quot;Pause slideshow&quot;,&quot;FULL_SCREEN&quot;:&quot;Full screen&quot;,&quot;THUMBS&quot;:&quot;Thumbnails&quot;,&quot;DOWNLOAD&quot;:&quot;Download&quot;,&quot;SHARE&quot;:&quot;Share&quot;,&quot;ZOOM&quot;:&quot;Zoom&quot;,&quot;EMAIL&quot;:&quot;Here is the link to the image : %%image_link%% and this is the link to the gallery : %%gallery_link%%&quot;,&quot;MODAL&quot;:&quot;You can close this modal content with the ESC key&quot;,&quot;ERROR&quot;:&quot;Something Went Wrong, Please Try Again Later&quot;,&quot;IMAGE_ERROR&quot;:&quot;Image Not Found&quot;,&quot;ELEMENT_NOT_FOUND&quot;:&quot;HTML Element Not Found&quot;,&quot;AJAX_NOT_FOUND&quot;:&quot;Error Loading AJAX : Not Found&quot;,&quot;AJAX_FORBIDDEN&quot;:&quot;Error Loading AJAX : Forbidden&quot;,&quot;IFRAME_ERROR&quot;:&quot;Error Loading Page&quot;,&quot;TOGGLE_ZOOM&quot;:&quot;Toggle zoom level&quot;,&quot;TOGGLE_THUMBS&quot;:&quot;Toggle thumbnails&quot;,&quot;TOGGLE_SLIDESHOW&quot;:&quot;Toggle slideshow&quot;,&quot;TOGGLE_FULLSCREEN&quot;:&quot;Toggle full-screen mode&quot;},&quot;Images&quot;:{&quot;Panzoom&quot;:{&quot;maxScale&quot;:2}},&quot;mainClass&quot;:&quot;modula-fancybox-container modula-lightbox-jtg-622&quot;,&quot;Html&quot;:{&quot;videoAutoplay&quot;:0,&quot;videoTpl&quot;:&quot;&lt;video class=\\&quot;fancybox__html5video\\&quot; controls muted playsinline controlsList controlsList=\\&quot;nodownload\\&quot; poster=\\&quot;{{poster}}\\&quot; src=\\&quot;{{src}}\\&quot; type=\\&quot;{{format}}\\&quot; &gt;  Sorry, your browser doesn&#039;t support embedded videos, &lt;a href=\\&quot;{{src}}\\&quot;&gt; download &lt;\\\/a&gt; and watch with your favorite video player! &lt;\\\/video&gt;&quot;}},&quot;inView&quot;:false,&quot;email_subject&quot;:&quot;Check out this awesome image !!&quot;,&quot;email_message&quot;:&quot;Here is the link to the image : %%image_link%% and this is the link to the gallery : %%gallery_link%%&quot;,&quot;lightbox&quot;:&quot;fancybox&quot;}\">\n\n\t\n\t<div  class=\"modula-items\">\n\t\t<div class=\"modula-item effect-pufrobo\" >\n\t<div class=\"modula-item-overlay\"><\/div>\n\n\t<div class=\"modula-item-content\">\n\n\t\t<a data-image-id=\"623\" role=\"button\" tabindex=\"0\" rel=\"jtg-622\" data-caption=\"Foto: Rene Jakobson \/ renejakobson@hotmail.com\" aria-label=\"Open image in lightbox\" class=\"tile-inner modula-item-link\"><\/a><img decoding=\"async\" class=\"pic wp-image-623\"  data-valign=\"middle\" data-halign=\"center\" alt=\"\" data-full=\"https:\/\/liiskolle.com\/wp-content\/uploads\/2024\/04\/eesti-muusika-pevad-2022-lavastus-svitabtuhk_52022746761_o.jpg\" title=\"Eesti Muusika P\u00e4evad 2022. Lavastus &quot;s\u00f6\u00f6vitab.tuhk&quot;\" crop=\"\" width=\"300\" height=\"200\" src=\"https:\/\/liiskolle.com\/wp-content\/uploads\/2024\/04\/eesti-muusika-pevad-2022-lavastus-svitabtuhk_52022746761_o-300x200.jpg\" data-src=\"https:\/\/liiskolle.com\/wp-content\/uploads\/2024\/04\/eesti-muusika-pevad-2022-lavastus-svitabtuhk_52022746761_o-300x200.jpg\" data-caption=\"Foto: Rene Jakobson \/ renejakobson@hotmail.com\"\/>\n\t\t<div class=\"figc\">\n\t\t\t<div class=\"figc-inner\">\n\t\t\t\t\t\t\t\t\t\t\t\t\t<div class=\"jtg-description\">Foto: Rene Jakobson \/ renejakobson@hotmail.com<\/div>\n\t\t\t\t\t\t\t\t\t\t\t<\/div>\n\t\t<\/div>\n\n\t<\/div>\n\n<\/div><div class=\"modula-item effect-pufrobo\" >\n\t<div class=\"modula-item-overlay\"><\/div>\n\n\t<div class=\"modula-item-content\">\n\n\t\t<a data-image-id=\"625\" role=\"button\" tabindex=\"0\" rel=\"jtg-622\" data-caption=\"Foto: Rene Jakobson \/ renejakobson@hotmail.com\" aria-label=\"Open image in lightbox\" class=\"tile-inner modula-item-link\"><\/a><img decoding=\"async\" class=\"pic wp-image-625\"  data-valign=\"middle\" data-halign=\"center\" alt=\"\" data-full=\"https:\/\/liiskolle.com\/wp-content\/uploads\/2024\/04\/eesti-muusika-pevad-2022-lavastus-svitabtuhk_52021704917_o.jpg\" title=\"Eesti Muusika P\u00e4evad 2022. Lavastus &quot;s\u00f6\u00f6vitab.tuhk&quot;\" crop=\"\" width=\"300\" height=\"200\" src=\"https:\/\/liiskolle.com\/wp-content\/uploads\/2024\/04\/eesti-muusika-pevad-2022-lavastus-svitabtuhk_52021704917_o-300x200.jpg\" data-src=\"https:\/\/liiskolle.com\/wp-content\/uploads\/2024\/04\/eesti-muusika-pevad-2022-lavastus-svitabtuhk_52021704917_o-300x200.jpg\" data-caption=\"Foto: Rene Jakobson \/ renejakobson@hotmail.com\"\/>\n\t\t<div class=\"figc\">\n\t\t\t<div class=\"figc-inner\">\n\t\t\t\t\t\t\t\t\t\t\t\t\t<div class=\"jtg-description\">Foto: Rene Jakobson \/ renejakobson@hotmail.com<\/div>\n\t\t\t\t\t\t\t\t\t\t\t<\/div>\n\t\t<\/div>\n\n\t<\/div>\n\n<\/div><div class=\"modula-item effect-pufrobo\" >\n\t<div class=\"modula-item-overlay\"><\/div>\n\n\t<div class=\"modula-item-content\">\n\n\t\t<a data-image-id=\"627\" role=\"button\" tabindex=\"0\" rel=\"jtg-622\" data-caption=\"Foto: Rene Jakobson \/ renejakobson@hotmail.com\" aria-label=\"Open image in lightbox\" class=\"tile-inner modula-item-link\"><\/a><img decoding=\"async\" class=\"pic wp-image-627\"  data-valign=\"middle\" data-halign=\"center\" alt=\"\" data-full=\"https:\/\/liiskolle.com\/wp-content\/uploads\/2024\/04\/eesti-muusika-pevad-2022-lavastus-svitabtuhk_52021705012_o.jpg\" title=\"Eesti Muusika P\u00e4evad 2022. Lavastus &quot;s\u00f6\u00f6vitab.tuhk&quot;\" crop=\"\" width=\"300\" height=\"200\" src=\"https:\/\/liiskolle.com\/wp-content\/uploads\/2024\/04\/eesti-muusika-pevad-2022-lavastus-svitabtuhk_52021705012_o-300x200.jpg\" data-src=\"https:\/\/liiskolle.com\/wp-content\/uploads\/2024\/04\/eesti-muusika-pevad-2022-lavastus-svitabtuhk_52021705012_o-300x200.jpg\" data-caption=\"Foto: Rene Jakobson \/ renejakobson@hotmail.com\"\/>\n\t\t<div class=\"figc\">\n\t\t\t<div class=\"figc-inner\">\n\t\t\t\t\t\t\t\t\t\t\t\t\t<div class=\"jtg-description\">Foto: Rene Jakobson \/ renejakobson@hotmail.com<\/div>\n\t\t\t\t\t\t\t\t\t\t\t<\/div>\n\t\t<\/div>\n\n\t<\/div>\n\n<\/div><div class=\"modula-item effect-pufrobo\" >\n\t<div class=\"modula-item-overlay\"><\/div>\n\n\t<div class=\"modula-item-content\">\n\n\t\t<a data-image-id=\"629\" role=\"button\" tabindex=\"0\" rel=\"jtg-622\" data-caption=\"Foto: Rene Jakobson \/ renejakobson@hotmail.com\" aria-label=\"Open image in lightbox\" class=\"tile-inner modula-item-link\"><\/a><img decoding=\"async\" class=\"pic wp-image-629\"  data-valign=\"middle\" data-halign=\"center\" alt=\"\" data-full=\"https:\/\/liiskolle.com\/wp-content\/uploads\/2024\/04\/eesti-muusika-pevad-2022-lavastus-svitabtuhk_52021705527_o.jpg\" title=\"Eesti Muusika P\u00e4evad 2022. Lavastus &quot;s\u00f6\u00f6vitab.tuhk&quot;\" crop=\"\" width=\"300\" height=\"200\" src=\"https:\/\/liiskolle.com\/wp-content\/uploads\/2024\/04\/eesti-muusika-pevad-2022-lavastus-svitabtuhk_52021705527_o-300x200.jpg\" data-src=\"https:\/\/liiskolle.com\/wp-content\/uploads\/2024\/04\/eesti-muusika-pevad-2022-lavastus-svitabtuhk_52021705527_o-300x200.jpg\" data-caption=\"Foto: Rene Jakobson \/ renejakobson@hotmail.com\"\/>\n\t\t<div class=\"figc\">\n\t\t\t<div class=\"figc-inner\">\n\t\t\t\t\t\t\t\t\t\t\t\t\t<div class=\"jtg-description\">Foto: Rene Jakobson \/ renejakobson@hotmail.com<\/div>\n\t\t\t\t\t\t\t\t\t\t\t<\/div>\n\t\t<\/div>\n\n\t<\/div>\n\n<\/div><div class=\"modula-item effect-pufrobo\" >\n\t<div class=\"modula-item-overlay\"><\/div>\n\n\t<div class=\"modula-item-content\">\n\n\t\t<a data-image-id=\"631\" role=\"button\" tabindex=\"0\" rel=\"jtg-622\" data-caption=\"Foto: Rene Jakobson \/ renejakobson@hotmail.com\" aria-label=\"Open image in lightbox\" class=\"tile-inner modula-item-link\"><\/a><img decoding=\"async\" class=\"pic wp-image-631\"  data-valign=\"middle\" data-halign=\"center\" alt=\"\" data-full=\"https:\/\/liiskolle.com\/wp-content\/uploads\/2024\/04\/eesti-muusika-pevad-2022-lavastus-svitabtuhk_52021705867_o.jpg\" title=\"Eesti Muusika P\u00e4evad 2022. Lavastus &quot;s\u00f6\u00f6vitab.tuhk&quot;\" crop=\"\" width=\"300\" height=\"200\" src=\"https:\/\/liiskolle.com\/wp-content\/uploads\/2024\/04\/eesti-muusika-pevad-2022-lavastus-svitabtuhk_52021705867_o-300x200.jpg\" data-src=\"https:\/\/liiskolle.com\/wp-content\/uploads\/2024\/04\/eesti-muusika-pevad-2022-lavastus-svitabtuhk_52021705867_o-300x200.jpg\" data-caption=\"Foto: Rene Jakobson \/ renejakobson@hotmail.com\"\/>\n\t\t<div class=\"figc\">\n\t\t\t<div class=\"figc-inner\">\n\t\t\t\t\t\t\t\t\t\t\t\t\t<div class=\"jtg-description\">Foto: Rene Jakobson \/ renejakobson@hotmail.com<\/div>\n\t\t\t\t\t\t\t\t\t\t\t<\/div>\n\t\t<\/div>\n\n\t<\/div>\n\n<\/div><div class=\"modula-item effect-pufrobo\" >\n\t<div class=\"modula-item-overlay\"><\/div>\n\n\t<div class=\"modula-item-content\">\n\n\t\t<a data-image-id=\"633\" role=\"button\" tabindex=\"0\" rel=\"jtg-622\" data-caption=\"Foto: Rene Jakobson \/ renejakobson@hotmail.com\" aria-label=\"Open image in lightbox\" class=\"tile-inner modula-item-link\"><\/a><img decoding=\"async\" class=\"pic wp-image-633\"  data-valign=\"middle\" data-halign=\"center\" alt=\"\" data-full=\"https:\/\/liiskolle.com\/wp-content\/uploads\/2024\/04\/eesti-muusika-pevad-2022-lavastus-svitabtuhk_52022746541_o.jpg\" title=\"Eesti Muusika P\u00e4evad 2022. Lavastus &quot;s\u00f6\u00f6vitab.tuhk&quot;\" crop=\"\" width=\"300\" height=\"200\" src=\"https:\/\/liiskolle.com\/wp-content\/uploads\/2024\/04\/eesti-muusika-pevad-2022-lavastus-svitabtuhk_52022746541_o-300x200.jpg\" data-src=\"https:\/\/liiskolle.com\/wp-content\/uploads\/2024\/04\/eesti-muusika-pevad-2022-lavastus-svitabtuhk_52022746541_o-300x200.jpg\" data-caption=\"Foto: Rene Jakobson \/ renejakobson@hotmail.com\"\/>\n\t\t<div class=\"figc\">\n\t\t\t<div class=\"figc-inner\">\n\t\t\t\t\t\t\t\t\t\t\t\t\t<div class=\"jtg-description\">Foto: Rene Jakobson \/ renejakobson@hotmail.com<\/div>\n\t\t\t\t\t\t\t\t\t\t\t<\/div>\n\t\t<\/div>\n\n\t<\/div>\n\n<\/div><div class=\"modula-item effect-pufrobo\" >\n\t<div class=\"modula-item-overlay\"><\/div>\n\n\t<div class=\"modula-item-content\">\n\n\t\t<a data-image-id=\"635\" role=\"button\" tabindex=\"0\" rel=\"jtg-622\" data-caption=\"Foto: Rene Jakobson \/ renejakobson@hotmail.com\" aria-label=\"Open image in lightbox\" class=\"tile-inner modula-item-link\"><\/a><img decoding=\"async\" class=\"pic wp-image-635\"  data-valign=\"middle\" data-halign=\"center\" alt=\"\" data-full=\"https:\/\/liiskolle.com\/wp-content\/uploads\/2024\/04\/eesti-muusika-pevad-2022-lavastus-svitabtuhk_52022993334_o.jpg\" title=\"Eesti Muusika P\u00e4evad 2022. Lavastus &quot;s\u00f6\u00f6vitab.tuhk&quot;\" crop=\"\" width=\"300\" height=\"200\" src=\"https:\/\/liiskolle.com\/wp-content\/uploads\/2024\/04\/eesti-muusika-pevad-2022-lavastus-svitabtuhk_52022993334_o-300x200.jpg\" data-src=\"https:\/\/liiskolle.com\/wp-content\/uploads\/2024\/04\/eesti-muusika-pevad-2022-lavastus-svitabtuhk_52022993334_o-300x200.jpg\" data-caption=\"Foto: Rene Jakobson \/ renejakobson@hotmail.com\"\/>\n\t\t<div class=\"figc\">\n\t\t\t<div class=\"figc-inner\">\n\t\t\t\t\t\t\t\t\t\t\t\t\t<div class=\"jtg-description\">Foto: Rene Jakobson \/ renejakobson@hotmail.com<\/div>\n\t\t\t\t\t\t\t\t\t\t\t<\/div>\n\t\t<\/div>\n\n\t<\/div>\n\n<\/div><div class=\"modula-item effect-pufrobo\" >\n\t<div class=\"modula-item-overlay\"><\/div>\n\n\t<div class=\"modula-item-content\">\n\n\t\t<a data-image-id=\"637\" role=\"button\" tabindex=\"0\" rel=\"jtg-622\" data-caption=\"Foto: Rene Jakobson \/ renejakobson@hotmail.com\" aria-label=\"Open image in lightbox\" class=\"tile-inner modula-item-link\"><\/a><img decoding=\"async\" class=\"pic wp-image-637\"  data-valign=\"middle\" data-halign=\"center\" alt=\"\" data-full=\"https:\/\/liiskolle.com\/wp-content\/uploads\/2024\/04\/eesti-muusika-pevad-2022-lavastus-svitabtuhk_52024397699_o.jpg\" title=\"Eesti Muusika P\u00e4evad 2022. Lavastus &quot;s\u00f6\u00f6vitab.tuhk&quot;\" crop=\"\" width=\"300\" height=\"200\" src=\"https:\/\/liiskolle.com\/wp-content\/uploads\/2024\/04\/eesti-muusika-pevad-2022-lavastus-svitabtuhk_52024397699_o-300x200.jpg\" data-src=\"https:\/\/liiskolle.com\/wp-content\/uploads\/2024\/04\/eesti-muusika-pevad-2022-lavastus-svitabtuhk_52024397699_o-300x200.jpg\" data-caption=\"Foto: Rene Jakobson \/ renejakobson@hotmail.com\"\/>\n\t\t<div class=\"figc\">\n\t\t\t<div class=\"figc-inner\">\n\t\t\t\t\t\t\t\t\t\t\t\t\t<div class=\"jtg-description\">Foto: Rene Jakobson \/ renejakobson@hotmail.com<\/div>\n\t\t\t\t\t\t\t\t\t\t\t<\/div>\n\t\t<\/div>\n\n\t<\/div>\n\n<\/div>\t\t\n\t<\/div>\n\n\t\n\t\n\t<script type=\"application\/ld+json\">\n\t{\n\t\t\"@context\": \"http:\/\/schema.org\",\n\t\t\"@type\"   : \"ImageGallery\",\n\t\t\"id\"      : \"https:\/\/liiskolle.com\/en\/etching-ash-sound-theater\/\",\n\t\t\"url\"     : \"https:\/\/liiskolle.com\/en\/etching-ash-sound-theater\/\"\n\t}\n\n\t<\/script>\n\n\t\n<\/div>\n\n<p>Photos: Rene Jakobson<\/p>\n<h2><span class=\"ez-toc-section\" id=\"video\"><\/span>Video<span class=\"ez-toc-section-end\"><\/span><\/h2>\n<h2><iframe loading=\"lazy\" title=\"YouTube video player\" src=\"https:\/\/www.youtube-nocookie.com\/embed\/w04CDrQYuXw?si=7OFi4rK_TDKztuu1\" width=\"560\" height=\"315\" frameborder=\"0\" allowfullscreen=\"allowfullscreen\"><\/iframe><\/h2>\n<h2><span class=\"ez-toc-section\" id=\"cast\"><\/span>Cast<span class=\"ez-toc-section-end\"><\/span><\/h2>\n<p><strong>Voice<\/strong> Iris Oja<br \/>\n<strong>Movement<\/strong> K\u00e4rt T\u00f5nisson<br \/>\n<strong>Electronics, flute<\/strong> Tarmo Johannes<br \/>\n<strong>Electronics, electric guitar<\/strong> Theodore Parker<br \/>\n<strong>Spinet, clavichord, sound objects<\/strong> Ene Nael<br \/>\n<strong>Composition<\/strong> Tatjana Kozlova-Johannes<br \/>\n<strong>Stage directing and scenario<\/strong> Liis Kolle<br \/>\n<strong>Set and costume design<\/strong> Ann Lumiste<br \/>\n<strong>Choreographie<\/strong> K\u00e4rt T\u00f5nisson<br \/>\n<strong>Video design<\/strong> Sander P\u00f5ldsaar<br \/>\n<strong>Lighting design<\/strong> Helvin Kaljula<br \/>\n<strong>Sound design<\/strong> Tammo Sumera<br \/>\n<strong>Make-up<\/strong> Aimi Etverk<\/p>\n","protected":false},"excerpt":{"rendered":"<p>Premiere: 23. April 2022 Theatrum\/Estonian Music Days, Tallinn Description How to live in a body hit by a cosmic catastrophe?\u00a0The work delves into a mental and emotional state determined by [&hellip;]<\/p>\n","protected":false},"author":1,"featured_media":638,"comment_status":"open","ping_status":"open","sticky":false,"template":"","format":"standard","meta":{"_et_pb_use_builder":"","_et_pb_old_content":"Premiere: 23. April 2022 Theatrum\/Estonian Music Days, Tallinn\r\n<h2>Description<\/h2>\r\nHow to live in a body hit by a cosmic catastrophe?\u00a0The work delves into a mental and emotional state determined by the memories stored and locked in the body and\u00a0psyche.\r\n\r\nWe see a person whose inner world has broken into pieces,\u00a0and everything around her seems fragmentary and separated from her by an invisible wall. The character, who is\u00a0embodied by two performers \u2013 a singer and a dancer \u2013 no\u00a0longer perceives herself or the outside world clearly. But\u00a0there is life still occuring around her and she has to move\u00a0on with her somehow. How does she do it, what choices\u00a0does she make, what support does she use? How does she\u00a0try to express herself in a situation in which the words\u00a0have not yet been created \u2013 where the words \u201ehave shown\u00a0themselves to be useless and meaningless\u201c, as Maarja\u00a0Kangro notes in her novel \u201eThe Glass Child\u201c in 2016? In\u00a0the course of the previous etched cremation process, the\u00a0character has become transparent, as if an X-ray image of\u00a0both the physical and mental interior had been projected\u00a0continuously and everywhere. Society projects its fears and\u00a0hopes into this human laboratory. But the character goes\u00a0on. Despite everything.\r\n\r\nThe work is developed in the process of parallel creation\u00a0using the synthesis of vocalization, analog and digital\u00a0sound, word, body, movement, object, instrument, light,\u00a0projection and space to say the unspeakable and to express\u00a0the inexpressible in words.\r\n<h2>Authors:<\/h2>\r\nMusic: Tatjana Kozlova-Johannes, Scenario: Liis Kolle\r\n<h2>When and where:<\/h2>\r\n2022 Theatrum\/Estonian Music Days, Tallinn\r\n<h2>Gallery<\/h2>\r\n[modula id=\"622\"]\r\n\r\nPhotos: Rene Jakobson\r\n<h2>Video<\/h2>\r\n<iframe title=\"YouTube video player\" src=\"https:\/\/www.youtube-nocookie.com\/embed\/w04CDrQYuXw?si=7OFi4rK_TDKztuu1\" width=\"560\" height=\"315\" frameborder=\"0\" allowfullscreen=\"allowfullscreen\"><\/iframe>","_et_gb_content_width":"","footnotes":""},"categories":[1],"tags":[],"class_list":["post-640","post","type-post","status-publish","format-standard","has-post-thumbnail","hentry","category-unkategorisiert"],"_links":{"self":[{"href":"https:\/\/liiskolle.com\/en\/wp-json\/wp\/v2\/posts\/640","targetHints":{"allow":["GET"]}}],"collection":[{"href":"https:\/\/liiskolle.com\/en\/wp-json\/wp\/v2\/posts"}],"about":[{"href":"https:\/\/liiskolle.com\/en\/wp-json\/wp\/v2\/types\/post"}],"author":[{"embeddable":true,"href":"https:\/\/liiskolle.com\/en\/wp-json\/wp\/v2\/users\/1"}],"replies":[{"embeddable":true,"href":"https:\/\/liiskolle.com\/en\/wp-json\/wp\/v2\/comments?post=640"}],"version-history":[{"count":7,"href":"https:\/\/liiskolle.com\/en\/wp-json\/wp\/v2\/posts\/640\/revisions"}],"predecessor-version":[{"id":679,"href":"https:\/\/liiskolle.com\/en\/wp-json\/wp\/v2\/posts\/640\/revisions\/679"}],"wp:featuredmedia":[{"embeddable":true,"href":"https:\/\/liiskolle.com\/en\/wp-json\/wp\/v2\/media\/638"}],"wp:attachment":[{"href":"https:\/\/liiskolle.com\/en\/wp-json\/wp\/v2\/media?parent=640"}],"wp:term":[{"taxonomy":"category","embeddable":true,"href":"https:\/\/liiskolle.com\/en\/wp-json\/wp\/v2\/categories?post=640"},{"taxonomy":"post_tag","embeddable":true,"href":"https:\/\/liiskolle.com\/en\/wp-json\/wp\/v2\/tags?post=640"}],"curies":[{"name":"wp","href":"https:\/\/api.w.org\/{rel}","templated":true}]}}